[{"command":"settings","settings":{"pluralDelimiter":"\u0003","suppressDeprecationErrors":true,"ajaxPageState":{"libraries":"eJxdy0EKwCAMBMAPiT5JViMlRVxJtO3zS6-9Dkwhly_DzAVmyjQoLVRaS2J7okdRdB4RJ57A4j6zDtGKRfP0h_j1fGm7XyvRI0M","theme":"obssp","theme_token":null},"ajaxTrustedUrl":[],"user":{"uid":0,"permissionsHash":"9672be7f99242757aeb50675e5ac725bb4b91e2706a4be37c76b0ea03066a40b"}},"merge":true},{"command":"add_css","data":[{"rel":"stylesheet","media":"all","href":"\/core\/assets\/vendor\/jquery.ui\/themes\/base\/core.css?t9690v"},{"rel":"stylesheet","media":"all","href":"\/core\/assets\/vendor\/jquery.ui\/themes\/base\/controlgroup.css?t9690v"},{"rel":"stylesheet","media":"all","href":"\/core\/assets\/vendor\/jquery.ui\/themes\/base\/checkboxradio.css?t9690v"},{"rel":"stylesheet","media":"all","href":"\/core\/assets\/vendor\/jquery.ui\/themes\/base\/resizable.css?t9690v"},{"rel":"stylesheet","media":"all","href":"\/core\/assets\/vendor\/jquery.ui\/themes\/base\/button.css?t9690v"},{"rel":"stylesheet","media":"all","href":"\/core\/assets\/vendor\/jquery.ui\/themes\/base\/dialog.css?t9690v"},{"rel":"stylesheet","media":"all","href":"\/core\/misc\/components\/progress.module.css?t9690v"},{"rel":"stylesheet","media":"all","href":"\/core\/misc\/components\/ajax-progress.module.css?t9690v"},{"rel":"stylesheet","media":"all","href":"\/core\/modules\/ckeditor5\/css\/ckeditor5.dialog.fix.css?t9690v"},{"rel":"stylesheet","media":"all","href":"\/core\/assets\/vendor\/jquery.ui\/themes\/base\/theme.css?t9690v"},{"rel":"stylesheet","media":"all","href":"\/modules\/custom\/obssp_indicators\/assets\/css\/node-view.css?t9690v"},{"rel":"stylesheet","media":"all","href":"\/themes\/contrib\/bootstrap_barrio\/css\/components\/node.css?t9690v"}]},{"command":"add_js","selector":"body","data":[{"src":"\/core\/assets\/vendor\/jquery\/jquery.min.js?v=3.7.1"},{"src":"\/core\/assets\/vendor\/once\/once.min.js?v=1.0.1"},{"src":"\/sites\/default\/files\/languages\/gl_jc_rfp2sUFZXG2jxsFdWq-pG2BbEyOtr3GhFzZVzMQk.js?t9690v"},{"src":"\/core\/misc\/drupalSettingsLoader.js?v=10.5.6"},{"src":"\/core\/misc\/drupal.js?v=10.5.6"},{"src":"\/core\/misc\/drupal.init.js?v=10.5.6"},{"src":"\/core\/assets\/vendor\/jquery.ui\/ui\/version-min.js?v=10.5.6"},{"src":"\/core\/assets\/vendor\/jquery.ui\/ui\/data-min.js?v=10.5.6"},{"src":"\/core\/assets\/vendor\/jquery.ui\/ui\/disable-selection-min.js?v=10.5.6"},{"src":"\/core\/assets\/vendor\/jquery.ui\/ui\/jquery-patch-min.js?v=10.5.6"},{"src":"\/core\/assets\/vendor\/jquery.ui\/ui\/scroll-parent-min.js?v=10.5.6"},{"src":"\/core\/assets\/vendor\/jquery.ui\/ui\/unique-id-min.js?v=10.5.6"},{"src":"\/core\/assets\/vendor\/jquery.ui\/ui\/focusable-min.js?v=10.5.6"},{"src":"\/core\/assets\/vendor\/jquery.ui\/ui\/keycode-min.js?v=10.5.6"},{"src":"\/core\/assets\/vendor\/jquery.ui\/ui\/plugin-min.js?v=10.5.6"},{"src":"\/core\/assets\/vendor\/jquery.ui\/ui\/widget-min.js?v=10.5.6"},{"src":"\/core\/assets\/vendor\/jquery.ui\/ui\/labels-min.js?v=10.5.6"},{"src":"\/core\/assets\/vendor\/jquery.ui\/ui\/widgets\/controlgroup-min.js?v=10.5.6"},{"src":"\/core\/assets\/vendor\/jquery.ui\/ui\/form-reset-mixin-min.js?v=10.5.6"},{"src":"\/core\/assets\/vendor\/jquery.ui\/ui\/widgets\/mouse-min.js?v=10.5.6"},{"src":"\/core\/assets\/vendor\/jquery.ui\/ui\/widgets\/checkboxradio-min.js?v=10.5.6"},{"src":"\/core\/assets\/vendor\/jquery.ui\/ui\/widgets\/draggable-min.js?v=10.5.6"},{"src":"\/core\/assets\/vendor\/jquery.ui\/ui\/widgets\/resizable-min.js?v=10.5.6"},{"src":"\/core\/assets\/vendor\/jquery.ui\/ui\/widgets\/button-min.js?v=10.5.6"},{"src":"\/core\/assets\/vendor\/jquery.ui\/ui\/widgets\/dialog-min.js?v=10.5.6"},{"src":"\/core\/assets\/vendor\/tabbable\/index.umd.min.js?v=6.2.0"},{"src":"\/core\/assets\/vendor\/tua-body-scroll-lock\/tua-bsl.umd.min.js?v=10.5.6"},{"src":"\/core\/misc\/progress.js?v=10.5.6"},{"src":"\/core\/assets\/vendor\/loadjs\/loadjs.min.js?v=4.3.0"},{"src":"\/core\/misc\/debounce.js?v=10.5.6"},{"src":"\/core\/misc\/announce.js?v=10.5.6"},{"src":"\/core\/misc\/message.js?v=10.5.6"},{"src":"\/themes\/contrib\/bootstrap_barrio\/js\/messages.js?t9690v"},{"src":"\/core\/misc\/ajax.js?v=10.5.6"},{"src":"\/core\/misc\/displace.js?v=10.5.6"},{"src":"\/core\/misc\/jquery.tabbable.shim.js?v=10.5.6"},{"src":"\/core\/misc\/position.js?v=10.5.6"},{"src":"\/core\/misc\/dialog\/dialog-deprecation.js?v=10.5.6"},{"src":"\/core\/misc\/dialog\/dialog.js?v=10.5.6"},{"src":"\/core\/misc\/dialog\/dialog.position.js?v=10.5.6"},{"src":"\/core\/misc\/dialog\/dialog.jquery-ui.js?v=10.5.6"},{"src":"\/core\/modules\/ckeditor5\/js\/ckeditor5.dialog.fix.js?v=10.5.6"},{"src":"\/core\/misc\/dialog\/dialog.ajax.js?v=10.5.6"},{"src":"\/modules\/custom\/obssp_indicators\/assets\/js\/node-view.js?t9690v"}]},{"command":"openDialog","selector":"#drupal-modal","settings":null,"data":"\n\n\u003Carticle data-history-node-id=\u00224959\u0022 class=\u0022node node--type-indicador-ficha node--view-mode-teaser clearfix\u0022\u003E\n  \u003Cheader\u003E\n    \n          \u003Ch2 class=\u0022node__title\u0022\u003E\n        \u003Cspan\u003E\u003Cspan class=\u0022field field--name-title field--type-string field--label-hidden\u0022\u003EIncidencia de cancro de mama. Taxa bruta\u003C\/span\u003E\n\u003C\/span\u003E\n      \u003C\/h2\u003E\n        \n      \u003C\/header\u003E\n  \u003Cdiv class=\u0022node__content clearfix\u0022\u003E\n    \u003Cbutton class=\u0022btn btn-primary d-print-none\u0022 onclick=\u0022window.print();\u0022\u003EImprimir ficha\u003C\/button\u003E\n    \n  \u003Cdiv class=\u0022clearfix text-formatted field field--name-field-ficha-group field--type-text-long field--label-above\u0022\u003E\n    \u003Cdiv class=\u0022field__label\u0022\u003EGrupo\u003C\/div\u003E\n              \u003Cdiv class=\u0022field__item\u0022\u003E\u003Cp\u003EResultados de Sa\u00fade\u003C\/p\u003E\u003C\/div\u003E\n          \u003C\/div\u003E\n\n  \u003Cdiv class=\u0022clearfix text-formatted field field--name-field-ficha-dimension field--type-text-long field--label-above\u0022\u003E\n    \u003Cdiv class=\u0022field__label\u0022\u003EDimensi\u00f3n\u003C\/div\u003E\n              \u003Cdiv class=\u0022field__item\u0022\u003E\u003Cp\u003EMorbilidade\u003C\/p\u003E\u003C\/div\u003E\n          \u003C\/div\u003E\n\n  \u003Cdiv class=\u0022clearfix text-formatted field field--name-field-ficha-formula field--type-text-long field--label-above\u0022\u003E\n    \u003Cdiv class=\u0022field__label\u0022\u003EF\u00f3rmula\u003C\/div\u003E\n              \u003Cdiv class=\u0022field__item\u0022\u003E\u003Cp\u003E-\u003C\/p\u003E\u003C\/div\u003E\n          \u003C\/div\u003E\n\n  \u003Cdiv class=\u0022clearfix text-formatted field field--name-field-ficha-numerador field--type-text-long field--label-above\u0022\u003E\n    \u003Cdiv class=\u0022field__label\u0022\u003ENumerador\u003C\/div\u003E\n              \u003Cdiv class=\u0022field__item\u0022\u003E\u003Cp\u003E-\u003C\/p\u003E\u003C\/div\u003E\n          \u003C\/div\u003E\n\n  \u003Cdiv class=\u0022clearfix text-formatted field field--name-field-ficha-denominador field--type-text-long field--label-above\u0022\u003E\n    \u003Cdiv class=\u0022field__label\u0022\u003EDenominador\u003C\/div\u003E\n              \u003Cdiv class=\u0022field__item\u0022\u003E\u003Cp\u003E-\u003C\/p\u003E\u003C\/div\u003E\n          \u003C\/div\u003E\n\n  \u003Cdiv class=\u0022clearfix text-formatted field field--name-field-ficha-definition field--type-text-long field--label-above\u0022\u003E\n    \u003Cdiv class=\u0022field__label\u0022\u003EDefinici\u00f3n\u003C\/div\u003E\n              \u003Cdiv class=\u0022field__item\u0022\u003E\u003Cp\u003EMulleres residentes en Galicia de todas as idades diagnosticadas de cancro de mama en hospitais p\u00fablicos galegos ou en POVISA, cun diagn\u00f3stico dunha neoplasia maligna primaria con c\u00f3digo topogr\u00e1fico C50 na Clasificaci\u00f3n Internacional de Enfermidades para Oncolox\u00eda e con 5\u00ba d\u00edxito de c\u00f3digo de comportamento 3 (maligno sitio primario).\u003C\/p\u003E\u003Cp\u003EA taxa bruta calc\u00falase dividindo o n\u00famero de persoas dunha poboaci\u00f3n que morren nun per\u00edodo de tempo, polo total de persoas que forman a dita poboaci\u00f3n nese per\u00edodo de tempo. Expr\u00e9sase multiplicada por cen mil e non serve para comparar unhas poboaci\u00f3ns con outras, nin a mesma poboaci\u00f3n en diferentes per\u00edodos de tempo, se, como adoita ocorrer, as poboaci\u00f3ns te\u00f1en estruturas demogr\u00e1ficas diferentes.\u003C\/p\u003E\u003Cp\u003EIndicador descrito para a mortalidade pero aplicable tam\u00e9n \u00e1 hospitalizaci\u00f3n, letalidade, incidencia.\u003C\/p\u003E\u003C\/div\u003E\n          \u003C\/div\u003E\n\n  \u003Cdiv class=\u0022clearfix text-formatted field field--name-field-ficha-info-sources field--type-text-long field--label-above\u0022\u003E\n    \u003Cdiv class=\u0022field__label\u0022\u003EFontes de informaci\u00f3n\u003C\/div\u003E\n              \u003Cdiv class=\u0022field__item\u0022\u003E\u003Cp\u003EIncidentes: Rexistro de diagn\u00f3sticos de Anatom\u00eda Patol\u00f3xica, Conxunto M\u00ednimo B\u00e1sico de Datos de Altas Hospitalarias (CMBD-AH), Rexistro de Mortalidade de Galicia, Tarxeta Sanitaria, Programa Galego de Detecci\u00f3n Precoz de Cancro de Mama.\u003C\/p\u003E\u003Cp\u003EPoboaci\u00f3n: Para o per\u00edodo 1980-1997, proceden de estimaci\u00f3ns intercensuais, a 1 de xaneiro, calculadas na Direcci\u00f3n Xeral de Sa\u00fade P\u00fablica (DXSP) polo m\u00e9todo de Aitkin a partir dos Censos de 1981 e 1991 e os Padr\u00f3ns de 1986, 1996 e 1998. Para o per\u00edodo que comeza en 1998, corresp\u00f3ndense cos datos da Renovaci\u00f3n Anual do Padr\u00f3n, procedentes do Instituto Galego de Estat\u00edstica (IGE).\u003C\/p\u003E\u003C\/div\u003E\n          \u003C\/div\u003E\n\n  \u003Cdiv class=\u0022clearfix text-formatted field field--name-field-ficha-population-scope field--type-text-long field--label-above\u0022\u003E\n    \u003Cdiv class=\u0022field__label\u0022\u003E\u00c1mbito de aplicaci\u00f3n poblacional\u003C\/div\u003E\n              \u003Cdiv class=\u0022field__item\u0022\u003E\u003Cp\u003EL\u00edmites administrativos da Comunidade Aut\u00f3noma de Galicia (comunidade, provincias, \u00e1reas sanitarias, comarcas, concellos,\u2026)\u003C\/p\u003E\u003C\/div\u003E\n          \u003C\/div\u003E\n\n  \u003Cdiv class=\u0022clearfix text-formatted field field--name-field-ficha-disaggregation-level field--type-text-long field--label-above\u0022\u003E\n    \u003Cdiv class=\u0022field__label\u0022\u003ENiveis de desagregaci\u00f3n\u003C\/div\u003E\n              \u003Cdiv class=\u0022field__item\u0022\u003E\u003Cp\u003EL\u00edmites administrativos e\/ou sexo e\/ou grupo de idade\u003C\/p\u003E\u003C\/div\u003E\n          \u003C\/div\u003E\n\n  \u003Cdiv class=\u0022clearfix text-formatted field field--name-field-ficha-ambit-temporal field--type-text-long field--label-above\u0022\u003E\n    \u003Cdiv class=\u0022field__label\u0022\u003E\u00c1mbito de aplicaci\u00f3n temporal\u003C\/div\u003E\n              \u003Cdiv class=\u0022field__item\u0022\u003E\u003Cp\u003EAnual\u003C\/p\u003E\u003C\/div\u003E\n          \u003C\/div\u003E\n\n  \u003Cdiv class=\u0022clearfix text-formatted field field--name-field-ficha-periodicidad field--type-text-long field--label-above\u0022\u003E\n    \u003Cdiv class=\u0022field__label\u0022\u003EPeriodicidade\u003C\/div\u003E\n              \u003Cdiv class=\u0022field__item\u0022\u003E\u003Cp\u003EAnual\u003C\/p\u003E\u003C\/div\u003E\n          \u003C\/div\u003E\n\n  \u003C\/div\u003E\n\u003C\/article\u003E\n","dialogOptions":{"modal":true,"title":""}}]